{"id":798,"__str__":"Requerimento n\u00ba 702 de 2021","link_detail_backend":"/materia/798","metadata":{},"numero":702,"ano":2021,"numero_protocolo":737,"data_apresentacao":"2021-03-09","tipo_apresentacao":"","data_publicacao":null,"numero_origem_externa":"","ano_origem_externa":null,"data_origem_externa":null,"apelido":"","dias_prazo":null,"data_fim_prazo":null,"em_tramitacao":true,"polemica":false,"objeto":"","complementar":false,"ementa":"solicitando a secretaria respons\u00e1vel que veja a possibilidade de dar prioridade no cadastro de pessoas com doen\u00e7as  psiqui\u00e1tricas e ( acamadas) REQ. 109/2021, incluindo todas no grupo de risco para vacina\u00e7\u00e3o contra COVID- 19.","indexacao":"","observacao":"( acamadas) REQ 109/2021","resultado":"","texto_original":"http://sapl.araguari.mg.leg.br/media/sapl/public/materialegislativa/2021/798/req_702-21.pdf","data_ultima_atualizacao":"2021-03-12T12:47:53.725925-03:00","ip":"177.185.111.79","ultima_edicao":"2021-03-12T12:47:53.610865-03:00","tipo":1,"regime_tramitacao":1,"tipo_origem_externa":null,"local_origem_externa":null,"user":28,"anexadas":[],"autores":[51]}